{"id":986,"date":"2023-11-12T15:12:44","date_gmt":"2023-11-12T14:12:44","guid":{"rendered":"http:\/\/atelier-bentz.fr\/?p=986"},"modified":"2023-11-13T13:56:00","modified_gmt":"2023-11-13T12:56:00","slug":"%f0%9f%93%8cfermeture-exceptionnelle-des-ecoles-lundi-13-et-mardi-14-novembre-2023-par-arrete-prefectoral","status":"publish","type":"post","link":"https:\/\/atelier-bentz.fr\/?p=986","title":{"rendered":"\ud83d\udcccFermeture exceptionnelle des \u00c9coles lundi 13 et mardi 14 novembre 2023 par arr\u00eat\u00e9 pr\u00e9fectoral."},"content":{"rendered":"\n<p>Un service minimum sera assur\u00e9 uniquement pour les parents qui n&rsquo;ont pas de solution de garde (cantine et garderies comprises). La cantine ne pourra pas \u00eatre assur\u00e9e mardi.<br>Merci de n&rsquo;utiliser ce service qu&rsquo;en cas d&rsquo;absolue n\u00e9cessit\u00e9.<\/p>\n","protected":false},"excerpt":{"rendered":"<p>Un service minimum sera assur\u00e9 uniquement pour les parents qui n&rsquo;ont pas de solution de garde (cantine et garderies comprises). La cantine ne pourra pas \u00eatre assur\u00e9e mardi.Merci de n&rsquo;utiliser ce service qu&rsquo;en cas d&rsquo;absolue n\u00e9cessit\u00e9.<\/p>\n","protected":false},"author":1,"featured_media":0,"comment_status":"closed","ping_status":"closed","sticky":false,"template":"","format":"standard","meta":[],"categories":[1],"tags":[],"_links":{"self":[{"href":"https:\/\/atelier-bentz.fr\/index.php?rest_route=\/wp\/v2\/posts\/986"}],"collection":[{"href":"https:\/\/atelier-bentz.fr\/index.php?rest_route=\/wp\/v2\/posts"}],"about":[{"href":"https:\/\/atelier-bentz.fr\/index.php?rest_route=\/wp\/v2\/types\/post"}],"author":[{"embeddable":true,"href":"https:\/\/atelier-bentz.fr\/index.php?rest_route=\/wp\/v2\/users\/1"}],"replies":[{"embeddable":true,"href":"https:\/\/atelier-bentz.fr\/index.php?rest_route=%2Fwp%2Fv2%2Fcomments&post=986"}],"version-history":[{"count":4,"href":"https:\/\/atelier-bentz.fr\/index.php?rest_route=\/wp\/v2\/posts\/986\/revisions"}],"predecessor-version":[{"id":992,"href":"https:\/\/atelier-bentz.fr\/index.php?rest_route=\/wp\/v2\/posts\/986\/revisions\/992"}],"wp:attachment":[{"href":"https:\/\/atelier-bentz.fr\/index.php?rest_route=%2Fwp%2Fv2%2Fmedia&parent=986"}],"wp:term":[{"taxonomy":"category","embeddable":true,"href":"https:\/\/atelier-bentz.fr\/index.php?rest_route=%2Fwp%2Fv2%2Fcategories&post=986"},{"taxonomy":"post_tag","embeddable":true,"href":"https:\/\/atelier-bentz.fr\/index.php?rest_route=%2Fwp%2Fv2%2Ftags&post=986"}],"curies":[{"name":"wp","href":"https:\/\/api.w.org\/{rel}","templated":true}]}}