{"id":917,"date":"2023-10-30T10:27:00","date_gmt":"2023-10-30T09:27:00","guid":{"rendered":"http:\/\/atelier-bentz.fr\/?p=917"},"modified":"2023-10-31T08:48:55","modified_gmt":"2023-10-31T07:48:55","slug":"%f0%9f%87%ab%f0%9f%87%b7-commemoration-du-11-novembre-1918","status":"publish","type":"post","link":"https:\/\/atelier-bentz.fr\/?p=917","title":{"rendered":"\ud83c\uddeb\ud83c\uddf7 Comm\u00e9moration du 11 Novembre 1918"},"content":{"rendered":"\n<div class=\"wp-block-image\"><figure class=\"aligncenter size-large is-resized\"><img loading=\"lazy\" src=\"http:\/\/atelier-bentz.fr\/wp-content\/uploads\/2023\/10\/2.jpg\" alt=\"\" class=\"wp-image-939\" width=\"447\" height=\"332\" srcset=\"https:\/\/atelier-bentz.fr\/wp-content\/uploads\/2023\/10\/2.jpg 636w, https:\/\/atelier-bentz.fr\/wp-content\/uploads\/2023\/10\/2-300x222.jpg 300w, https:\/\/atelier-bentz.fr\/wp-content\/uploads\/2023\/10\/2-405x300.jpg 405w\" sizes=\"(max-width: 447px) 100vw, 447px\" \/><\/figure><\/div>\n\n\n\n<p class=\"has-text-align-center\">Ch\u00e8res Hesdinoises l&rsquo;abb\u00e9 et Hesdinois l&rsquo;Abb\u00e9,<\/p>\n\n\n\n<p>Nous vous invitons \u00e0 nous rejoindre pour comm\u00e9morer le 105\u00e8me anniversaire du 11 Novembre 1918, un moment important de notre histoire. Voici le programme de cette journ\u00e9e sp\u00e9ciale :<\/p>\n\n\n\n<p style=\"font-size:17px\">\ud83d\udd59 <strong><span style=\"color:#ff0004\" class=\"has-inline-color\">10h00 &#8211; Rassemblement au monument aux morts (parking de la biblioth\u00e8que) :<\/span><\/strong><\/p>\n\n\n\n<p><em>\u2022 Lecture du message officiel<\/em><\/p>\n\n\n\n<p><em>\u2022 D\u00e9p\u00f4t de gerbes<\/em><\/p>\n\n\n\n<p><em>\u2022 Hymne nationale chant\u00e9 par les enfants des \u00e9coles avec la participation de l&rsquo;harmonie de Samer.<\/em><\/p>\n\n\n\n<p style=\"font-size:17px\">\ud83d\udd65 <strong><span style=\"color:#ff0004\" class=\"has-inline-color\">10h30 &#8211; Salle Polyvalente :<\/span><\/strong><\/p>\n\n\n\n<p><em>\u2022 Vin d&rsquo;honneur <\/em><\/p>\n\n\n\n<p><em>\u2022  Distribution de brioches aux enfants<\/em><\/p>\n\n\n\n<p><em>\u2022 Remise de dipl\u00f4mes de la M\u00e9daille d&rsquo;Honneur du Travail<\/em><\/p>\n\n\n\n<p>C&rsquo;est l&rsquo;occasion de se rassembler en m\u00e9moire de ceux qui ont sacrifi\u00e9 leur vie pour notre libert\u00e9, tout en partageant un moment convivial \u00e0 la salle polyvalente. <\/p>\n\n\n\n<p>Nous esp\u00e9rons vous voir nombreux pour marquer ensemble cet \u00e9v\u00e9nement significatif.<\/p>\n","protected":false},"excerpt":{"rendered":"<p>Ch\u00e8res Hesdinoises l&rsquo;abb\u00e9 et Hesdinois l&rsquo;Abb\u00e9, Nous vous invitons \u00e0 nous rejoindre pour comm\u00e9morer le 105\u00e8me anniversaire du 11 Novembre 1918, un moment important de notre histoire. Voici le programme de cette journ\u00e9e sp\u00e9ciale : \ud83d\udd59 10h00 &#8211; Rassemblement au &hellip; <a href=\"https:\/\/atelier-bentz.fr\/?p=917\">Continuer la lecture <span class=\"meta-nav\">&rarr;<\/span><\/a><\/p>\n","protected":false},"author":1,"featured_media":0,"comment_status":"closed","ping_status":"closed","sticky":false,"template":"","format":"standard","meta":[],"categories":[1],"tags":[],"_links":{"self":[{"href":"https:\/\/atelier-bentz.fr\/index.php?rest_route=\/wp\/v2\/posts\/917"}],"collection":[{"href":"https:\/\/atelier-bentz.fr\/index.php?rest_route=\/wp\/v2\/posts"}],"about":[{"href":"https:\/\/atelier-bentz.fr\/index.php?rest_route=\/wp\/v2\/types\/post"}],"author":[{"embeddable":true,"href":"https:\/\/atelier-bentz.fr\/index.php?rest_route=\/wp\/v2\/users\/1"}],"replies":[{"embeddable":true,"href":"https:\/\/atelier-bentz.fr\/index.php?rest_route=%2Fwp%2Fv2%2Fcomments&post=917"}],"version-history":[{"count":10,"href":"https:\/\/atelier-bentz.fr\/index.php?rest_route=\/wp\/v2\/posts\/917\/revisions"}],"predecessor-version":[{"id":941,"href":"https:\/\/atelier-bentz.fr\/index.php?rest_route=\/wp\/v2\/posts\/917\/revisions\/941"}],"wp:attachment":[{"href":"https:\/\/atelier-bentz.fr\/index.php?rest_route=%2Fwp%2Fv2%2Fmedia&parent=917"}],"wp:term":[{"taxonomy":"category","embeddable":true,"href":"https:\/\/atelier-bentz.fr\/index.php?rest_route=%2Fwp%2Fv2%2Fcategories&post=917"},{"taxonomy":"post_tag","embeddable":true,"href":"https:\/\/atelier-bentz.fr\/index.php?rest_route=%2Fwp%2Fv2%2Ftags&post=917"}],"curies":[{"name":"wp","href":"https:\/\/api.w.org\/{rel}","templated":true}]}}