{"id":902,"date":"2023-07-31T10:07:30","date_gmt":"2023-07-31T08:07:30","guid":{"rendered":"http:\/\/atelier-bentz.fr\/?p=902"},"modified":"2023-11-09T11:41:05","modified_gmt":"2023-11-09T10:41:05","slug":"rentree-scolaire-2023-dans-nos-ecoles","status":"publish","type":"post","link":"https:\/\/atelier-bentz.fr\/?p=902","title":{"rendered":"\ud83d\udccc Rentr\u00e9e scolaire 2023 dans nos \u00e9coles"},"content":{"rendered":"\n<p>Rentr\u00e9e le <em>Lundi 4 Septembre 2023<\/em> :<\/p>\n\n\n\n<p><strong>8h20 <\/strong>: \u00e9cole \u00e9l\u00e9mentaire<\/p>\n\n\n\n<p><strong>8h45 <\/strong>: \u00e9cole maternelle<\/p>\n","protected":false},"excerpt":{"rendered":"<p>Rentr\u00e9e le Lundi 4 Septembre 2023 : 8h20 : \u00e9cole \u00e9l\u00e9mentaire 8h45 : \u00e9cole maternelle<\/p>\n","protected":false},"author":1,"featured_media":0,"comment_status":"closed","ping_status":"closed","sticky":false,"template":"","format":"standard","meta":[],"categories":[1],"tags":[],"_links":{"self":[{"href":"https:\/\/atelier-bentz.fr\/index.php?rest_route=\/wp\/v2\/posts\/902"}],"collection":[{"href":"https:\/\/atelier-bentz.fr\/index.php?rest_route=\/wp\/v2\/posts"}],"about":[{"href":"https:\/\/atelier-bentz.fr\/index.php?rest_route=\/wp\/v2\/types\/post"}],"author":[{"embeddable":true,"href":"https:\/\/atelier-bentz.fr\/index.php?rest_route=\/wp\/v2\/users\/1"}],"replies":[{"embeddable":true,"href":"https:\/\/atelier-bentz.fr\/index.php?rest_route=%2Fwp%2Fv2%2Fcomments&post=902"}],"version-history":[{"count":3,"href":"https:\/\/atelier-bentz.fr\/index.php?rest_route=\/wp\/v2\/posts\/902\/revisions"}],"predecessor-version":[{"id":977,"href":"https:\/\/atelier-bentz.fr\/index.php?rest_route=\/wp\/v2\/posts\/902\/revisions\/977"}],"wp:attachment":[{"href":"https:\/\/atelier-bentz.fr\/index.php?rest_route=%2Fwp%2Fv2%2Fmedia&parent=902"}],"wp:term":[{"taxonomy":"category","embeddable":true,"href":"https:\/\/atelier-bentz.fr\/index.php?rest_route=%2Fwp%2Fv2%2Fcategories&post=902"},{"taxonomy":"post_tag","embeddable":true,"href":"https:\/\/atelier-bentz.fr\/index.php?rest_route=%2Fwp%2Fv2%2Ftags&post=902"}],"curies":[{"name":"wp","href":"https:\/\/api.w.org\/{rel}","templated":true}]}}