{"id":787,"date":"2023-05-12T09:07:39","date_gmt":"2023-05-12T07:07:39","guid":{"rendered":"http:\/\/atelier-bentz.fr\/?p=787"},"modified":"2023-05-12T09:07:39","modified_gmt":"2023-05-12T07:07:39","slug":"reconnaissance-catastrophe-naturelle","status":"publish","type":"post","link":"https:\/\/atelier-bentz.fr\/?p=787","title":{"rendered":"Reconnaissance catastrophe naturelle"},"content":{"rendered":"\n<p>La commune est officiellement reconnue en \u00e9tat de catastrophe naturelle suite aux mouvements de terrain diff\u00e9rentiels cons\u00e9cutifs \u00e0 la s\u00e9cheresse et \u00e0 la r\u00e9hydratation des sols du 1er Janvier 2022 au 30 Septembre 2022.<\/p>\n\n\n\n<p>Le D\u00e9cret venant de para\u00eetre au Journal Officiel ce 03 Mai 2023, toute personne estimant avoir subi les cons\u00e9quences de cette s\u00e9cheresse doit d\u00e9clarer \u00e0 son assureur tout sinistre susceptible de faire jouer cette garantie et au plus tard dans les 30 jours suivant la publication de l\u2019arr\u00eat\u00e9 minist\u00e9riel constatant cet \u00e9tat de catastrophe naturelle.<\/p>\n\n\n\n<p class=\"has-text-align-left\"><strong>Vous avez donc jusqu&rsquo;au 01 Juin 2023 pour intervenir aupr\u00e8s de votre assureur<\/strong><\/p>\n","protected":false},"excerpt":{"rendered":"<p>La commune est officiellement reconnue en \u00e9tat de catastrophe naturelle suite aux mouvements de terrain diff\u00e9rentiels cons\u00e9cutifs \u00e0 la s\u00e9cheresse et \u00e0 la r\u00e9hydratation des sols du 1er Janvier 2022 au 30 Septembre 2022. Le D\u00e9cret venant de para\u00eetre au &hellip; <a href=\"https:\/\/atelier-bentz.fr\/?p=787\">Continuer la lecture <span class=\"meta-nav\">&rarr;<\/span><\/a><\/p>\n","protected":false},"author":1,"featured_media":0,"comment_status":"closed","ping_status":"closed","sticky":false,"template":"","format":"standard","meta":[],"categories":[1],"tags":[],"_links":{"self":[{"href":"https:\/\/atelier-bentz.fr\/index.php?rest_route=\/wp\/v2\/posts\/787"}],"collection":[{"href":"https:\/\/atelier-bentz.fr\/index.php?rest_route=\/wp\/v2\/posts"}],"about":[{"href":"https:\/\/atelier-bentz.fr\/index.php?rest_route=\/wp\/v2\/types\/post"}],"author":[{"embeddable":true,"href":"https:\/\/atelier-bentz.fr\/index.php?rest_route=\/wp\/v2\/users\/1"}],"replies":[{"embeddable":true,"href":"https:\/\/atelier-bentz.fr\/index.php?rest_route=%2Fwp%2Fv2%2Fcomments&post=787"}],"version-history":[{"count":1,"href":"https:\/\/atelier-bentz.fr\/index.php?rest_route=\/wp\/v2\/posts\/787\/revisions"}],"predecessor-version":[{"id":788,"href":"https:\/\/atelier-bentz.fr\/index.php?rest_route=\/wp\/v2\/posts\/787\/revisions\/788"}],"wp:attachment":[{"href":"https:\/\/atelier-bentz.fr\/index.php?rest_route=%2Fwp%2Fv2%2Fmedia&parent=787"}],"wp:term":[{"taxonomy":"category","embeddable":true,"href":"https:\/\/atelier-bentz.fr\/index.php?rest_route=%2Fwp%2Fv2%2Fcategories&post=787"},{"taxonomy":"post_tag","embeddable":true,"href":"https:\/\/atelier-bentz.fr\/index.php?rest_route=%2Fwp%2Fv2%2Ftags&post=787"}],"curies":[{"name":"wp","href":"https:\/\/api.w.org\/{rel}","templated":true}]}}