{"id":629,"date":"2022-02-22T16:32:25","date_gmt":"2022-02-22T15:32:25","guid":{"rendered":"http:\/\/atelier-bentz.fr\/?p=629"},"modified":"2022-02-22T16:24:35","modified_gmt":"2022-02-22T15:24:35","slug":"inscriptions-centre-de-loisirs-paques-2022","status":"publish","type":"post","link":"https:\/\/atelier-bentz.fr\/?p=629","title":{"rendered":"Inscriptions Centre de Loisirs P\u00e2ques 2022"},"content":{"rendered":"\n<p>Les inscriptions au centre de loisirs du <strong>Lundi 11 Avril au Vendredi 22 Avril 2022<\/strong> se d\u00e9rouleront :<\/p>\n\n\n\n<p class=\"has-text-align-center has-text-color\" style=\"color:#f71317\"><strong>Le Mercredi 16 Mars 2022 de 17H30 \u00e0 19H00 en Mairie<\/strong><\/p>\n\n\n\n<p>Pour les habitants ext\u00e9rieurs \u00e0 la commune, les inscriptions auront lieu \u00e0 partir du <em><strong>Mercredi 23 Mars 2022<\/strong><\/em>, dans la limite des places disponibles.<\/p>\n\n\n\n<p>Pour rappel : possibilit\u00e9 de cantine et garderie (matin et soir 18h)<\/p>\n\n\n\n<figure class=\"wp-block-image size-large\"><img loading=\"lazy\" width=\"1024\" height=\"569\" src=\"http:\/\/atelier-bentz.fr\/wp-content\/uploads\/2022\/02\/42707-1024x569.jpg\" alt=\"\" class=\"wp-image-632\" srcset=\"https:\/\/atelier-bentz.fr\/wp-content\/uploads\/2022\/02\/42707-1024x569.jpg 1024w, https:\/\/atelier-bentz.fr\/wp-content\/uploads\/2022\/02\/42707-300x167.jpg 300w, https:\/\/atelier-bentz.fr\/wp-content\/uploads\/2022\/02\/42707-768x427.jpg 768w, https:\/\/atelier-bentz.fr\/wp-content\/uploads\/2022\/02\/42707-1536x853.jpg 1536w, https:\/\/atelier-bentz.fr\/wp-content\/uploads\/2022\/02\/42707-2048x1138.jpg 2048w, https:\/\/atelier-bentz.fr\/wp-content\/uploads\/2022\/02\/42707-500x278.jpg 500w\" sizes=\"(max-width: 1024px) 100vw, 1024px\" \/><\/figure>\n","protected":false},"excerpt":{"rendered":"<p>Les inscriptions au centre de loisirs du Lundi 11 Avril au Vendredi 22 Avril 2022 se d\u00e9rouleront : Le Mercredi 16 Mars 2022 de 17H30 \u00e0 19H00 en Mairie Pour les habitants ext\u00e9rieurs \u00e0 la commune, les inscriptions auront lieu &hellip; <a href=\"https:\/\/atelier-bentz.fr\/?p=629\">Continuer la lecture <span class=\"meta-nav\">&rarr;<\/span><\/a><\/p>\n","protected":false},"author":1,"featured_media":0,"comment_status":"closed","ping_status":"closed","sticky":false,"template":"","format":"standard","meta":[],"categories":[1],"tags":[],"_links":{"self":[{"href":"https:\/\/atelier-bentz.fr\/index.php?rest_route=\/wp\/v2\/posts\/629"}],"collection":[{"href":"https:\/\/atelier-bentz.fr\/index.php?rest_route=\/wp\/v2\/posts"}],"about":[{"href":"https:\/\/atelier-bentz.fr\/index.php?rest_route=\/wp\/v2\/types\/post"}],"author":[{"embeddable":true,"href":"https:\/\/atelier-bentz.fr\/index.php?rest_route=\/wp\/v2\/users\/1"}],"replies":[{"embeddable":true,"href":"https:\/\/atelier-bentz.fr\/index.php?rest_route=%2Fwp%2Fv2%2Fcomments&post=629"}],"version-history":[{"count":4,"href":"https:\/\/atelier-bentz.fr\/index.php?rest_route=\/wp\/v2\/posts\/629\/revisions"}],"predecessor-version":[{"id":634,"href":"https:\/\/atelier-bentz.fr\/index.php?rest_route=\/wp\/v2\/posts\/629\/revisions\/634"}],"wp:attachment":[{"href":"https:\/\/atelier-bentz.fr\/index.php?rest_route=%2Fwp%2Fv2%2Fmedia&parent=629"}],"wp:term":[{"taxonomy":"category","embeddable":true,"href":"https:\/\/atelier-bentz.fr\/index.php?rest_route=%2Fwp%2Fv2%2Fcategories&post=629"},{"taxonomy":"post_tag","embeddable":true,"href":"https:\/\/atelier-bentz.fr\/index.php?rest_route=%2Fwp%2Fv2%2Ftags&post=629"}],"curies":[{"name":"wp","href":"https:\/\/api.w.org\/{rel}","templated":true}]}}