{"id":532,"date":"2021-11-05T11:25:28","date_gmt":"2021-11-05T10:25:28","guid":{"rendered":"http:\/\/atelier-bentz.fr\/?p=532"},"modified":"2021-11-05T11:25:28","modified_gmt":"2021-11-05T10:25:28","slug":"la-medaille-de-la-famille","status":"publish","type":"post","link":"https:\/\/atelier-bentz.fr\/?p=532","title":{"rendered":"La m\u00e9daille de la Famille"},"content":{"rendered":"\n<p>Une distinction honorifique, symbole de la reconnaissance de notre pays envers les parents et les personnes ayant rendu des services exceptionnels dans le domaine de la famille.<\/p>\n\n\n\n<p>Vous \u00eates un p\u00e8re ou une m\u00e8re qui \u00e9l\u00e8ve ou a \u00e9lev\u00e9 au moins 4 enfants de nationalit\u00e9 fran\u00e7aise, dont l&rsquo;a\u00een\u00e9 a atteint l&rsquo;\u00e2ge de 16 ans.<\/p>\n\n\n\n<p class=\"has-text-align-center\"><strong>Vous souhaitez obtenir la m\u00e9daille de la famille ?<\/strong><\/p>\n\n\n\n<p>Renseignements aupr\u00e8s de la Mairie et au Service D\u00e9partemental de la m\u00e9daille de la famille au 03 21 71 21 42.<\/p>\n","protected":false},"excerpt":{"rendered":"<p>Une distinction honorifique, symbole de la reconnaissance de notre pays envers les parents et les personnes ayant rendu des services exceptionnels dans le domaine de la famille. Vous \u00eates un p\u00e8re ou une m\u00e8re qui \u00e9l\u00e8ve ou a \u00e9lev\u00e9 au &hellip; <a href=\"https:\/\/atelier-bentz.fr\/?p=532\">Continuer la lecture <span class=\"meta-nav\">&rarr;<\/span><\/a><\/p>\n","protected":false},"author":1,"featured_media":0,"comment_status":"closed","ping_status":"closed","sticky":false,"template":"","format":"standard","meta":[],"categories":[1],"tags":[],"_links":{"self":[{"href":"https:\/\/atelier-bentz.fr\/index.php?rest_route=\/wp\/v2\/posts\/532"}],"collection":[{"href":"https:\/\/atelier-bentz.fr\/index.php?rest_route=\/wp\/v2\/posts"}],"about":[{"href":"https:\/\/atelier-bentz.fr\/index.php?rest_route=\/wp\/v2\/types\/post"}],"author":[{"embeddable":true,"href":"https:\/\/atelier-bentz.fr\/index.php?rest_route=\/wp\/v2\/users\/1"}],"replies":[{"embeddable":true,"href":"https:\/\/atelier-bentz.fr\/index.php?rest_route=%2Fwp%2Fv2%2Fcomments&post=532"}],"version-history":[{"count":1,"href":"https:\/\/atelier-bentz.fr\/index.php?rest_route=\/wp\/v2\/posts\/532\/revisions"}],"predecessor-version":[{"id":533,"href":"https:\/\/atelier-bentz.fr\/index.php?rest_route=\/wp\/v2\/posts\/532\/revisions\/533"}],"wp:attachment":[{"href":"https:\/\/atelier-bentz.fr\/index.php?rest_route=%2Fwp%2Fv2%2Fmedia&parent=532"}],"wp:term":[{"taxonomy":"category","embeddable":true,"href":"https:\/\/atelier-bentz.fr\/index.php?rest_route=%2Fwp%2Fv2%2Fcategories&post=532"},{"taxonomy":"post_tag","embeddable":true,"href":"https:\/\/atelier-bentz.fr\/index.php?rest_route=%2Fwp%2Fv2%2Ftags&post=532"}],"curies":[{"name":"wp","href":"https:\/\/api.w.org\/{rel}","templated":true}]}}