{"id":527,"date":"2021-10-12T16:24:29","date_gmt":"2021-10-12T14:24:29","guid":{"rendered":"http:\/\/atelier-bentz.fr\/?p=527"},"modified":"2021-10-12T16:24:29","modified_gmt":"2021-10-12T14:24:29","slug":"fermeture-exceptionnelle-de-la-dechetterie","status":"publish","type":"post","link":"https:\/\/atelier-bentz.fr\/?p=527","title":{"rendered":"Fermeture exceptionnelle de la d\u00e9chetterie"},"content":{"rendered":"\n<div class=\"wp-block-image\"><figure class=\"aligncenter size-large is-resized\"><img loading=\"lazy\" src=\"http:\/\/atelier-bentz.fr\/wp-content\/uploads\/2021\/10\/csm_dechetterie-saint-Leonard_41b-1024x683.jpg\" alt=\"\" class=\"wp-image-528\" width=\"414\" height=\"277\" srcset=\"https:\/\/atelier-bentz.fr\/wp-content\/uploads\/2021\/10\/csm_dechetterie-saint-Leonard_41b-1024x683.jpg 1024w, https:\/\/atelier-bentz.fr\/wp-content\/uploads\/2021\/10\/csm_dechetterie-saint-Leonard_41b-300x200.jpg 300w, https:\/\/atelier-bentz.fr\/wp-content\/uploads\/2021\/10\/csm_dechetterie-saint-Leonard_41b-768x512.jpg 768w, https:\/\/atelier-bentz.fr\/wp-content\/uploads\/2021\/10\/csm_dechetterie-saint-Leonard_41b-1536x1024.jpg 1536w, https:\/\/atelier-bentz.fr\/wp-content\/uploads\/2021\/10\/csm_dechetterie-saint-Leonard_41b-450x300.jpg 450w, https:\/\/atelier-bentz.fr\/wp-content\/uploads\/2021\/10\/csm_dechetterie-saint-Leonard_41b.jpg 1620w\" sizes=\"(max-width: 414px) 100vw, 414px\" \/><\/figure><\/div>\n\n\n\n<p>Des travaux de voirie impacteront le fonctionnement de la d\u00e9chetterie de Saint-L\u00e9onard sur la p\u00e9riode du 11 au 23 Octobre.<\/p>\n\n\n\n<p>Les perturbations majeures \u00e0 retenir sont :<\/p>\n\n\n\n<p><strong>Fermeture de la d\u00e9chetterie de Saint-L\u00e9onard le Jeudi 21 Octobre toute la journ\u00e9e.<\/strong><\/p>\n\n\n\n<p><strong>Fermeture de la d\u00e9chetterie de Saint-L\u00e9onard \u00e0 18h00 (au lieu de 19h) le vendredi 22 octobre.<\/strong><\/p>\n\n\n\n<p>Ci-dessous le communiqu\u00e9 de presse de la CAB d\u00e9taillant ces perturbations :<\/p>\n\n\n\n<div class=\"wp-block-file\"><a href=\"http:\/\/atelier-bentz.fr\/wp-content\/uploads\/2021\/10\/Communique-de-Presse-travaux-rue-de-la-dechetterie.pdf\">Communique-de-Presse-travaux-rue-de-la-dechetterie<\/a><a href=\"http:\/\/atelier-bentz.fr\/wp-content\/uploads\/2021\/10\/Communique-de-Presse-travaux-rue-de-la-dechetterie.pdf\" class=\"wp-block-file__button\" download>T\u00e9l\u00e9charger<\/a><\/div>\n","protected":false},"excerpt":{"rendered":"<p>Des travaux de voirie impacteront le fonctionnement de la d\u00e9chetterie de Saint-L\u00e9onard sur la p\u00e9riode du 11 au 23 Octobre. Les perturbations majeures \u00e0 retenir sont : Fermeture de la d\u00e9chetterie de Saint-L\u00e9onard le Jeudi 21 Octobre toute la journ\u00e9e. &hellip; <a href=\"https:\/\/atelier-bentz.fr\/?p=527\">Continuer la lecture <span class=\"meta-nav\">&rarr;<\/span><\/a><\/p>\n","protected":false},"author":1,"featured_media":0,"comment_status":"closed","ping_status":"closed","sticky":false,"template":"","format":"standard","meta":[],"categories":[1],"tags":[],"_links":{"self":[{"href":"https:\/\/atelier-bentz.fr\/index.php?rest_route=\/wp\/v2\/posts\/527"}],"collection":[{"href":"https:\/\/atelier-bentz.fr\/index.php?rest_route=\/wp\/v2\/posts"}],"about":[{"href":"https:\/\/atelier-bentz.fr\/index.php?rest_route=\/wp\/v2\/types\/post"}],"author":[{"embeddable":true,"href":"https:\/\/atelier-bentz.fr\/index.php?rest_route=\/wp\/v2\/users\/1"}],"replies":[{"embeddable":true,"href":"https:\/\/atelier-bentz.fr\/index.php?rest_route=%2Fwp%2Fv2%2Fcomments&post=527"}],"version-history":[{"count":1,"href":"https:\/\/atelier-bentz.fr\/index.php?rest_route=\/wp\/v2\/posts\/527\/revisions"}],"predecessor-version":[{"id":530,"href":"https:\/\/atelier-bentz.fr\/index.php?rest_route=\/wp\/v2\/posts\/527\/revisions\/530"}],"wp:attachment":[{"href":"https:\/\/atelier-bentz.fr\/index.php?rest_route=%2Fwp%2Fv2%2Fmedia&parent=527"}],"wp:term":[{"taxonomy":"category","embeddable":true,"href":"https:\/\/atelier-bentz.fr\/index.php?rest_route=%2Fwp%2Fv2%2Fcategories&post=527"},{"taxonomy":"post_tag","embeddable":true,"href":"https:\/\/atelier-bentz.fr\/index.php?rest_route=%2Fwp%2Fv2%2Ftags&post=527"}],"curies":[{"name":"wp","href":"https:\/\/api.w.org\/{rel}","templated":true}]}}