{"id":489,"date":"2021-08-31T17:21:01","date_gmt":"2021-08-31T15:21:01","guid":{"rendered":"http:\/\/atelier-bentz.fr\/?p=489"},"modified":"2021-08-31T17:22:20","modified_gmt":"2021-08-31T15:22:20","slug":"ecole-du-vert-giniau","status":"publish","type":"post","link":"https:\/\/atelier-bentz.fr\/?p=489","title":{"rendered":"Ecole du Vert Giniau"},"content":{"rendered":"\n<h2 class=\"has-text-align-left\" style=\"font-size:21px\">Rentr\u00e9e du 02 Septembre 2021<\/h2>\n\n\n\n<p>La rentr\u00e9e se fera pour les<strong> \u00e9l\u00e8ves de l\u2019\u00e9l\u00e9mentaire<\/strong> (du CP au CM2)&nbsp; dans la cour, accueil d\u00e8s <strong>08h20<\/strong>, appel des professeurs, nettoyage des mains en entrant dans l\u2019\u00e9cole.<\/p>\n\n\n\n<p>La rentr\u00e9e et l\u2019accueil des <strong>\u00e9l\u00e8ves de l\u2019\u00e9cole maternelle<\/strong> se feront dans la cour de la maternelle exceptionnellement \u00e0 <strong>8h45<\/strong>.<\/p>\n\n\n\n<p>Le port du masque est obligatoire d\u00e8s 6 ans, l\u2019enfant arrive avec son masque.<\/p>\n\n\n\n<p>Tout enfant avec des sympt\u00f4mes ou susceptible d\u2019\u00eatre malade de la covid reste \u00e0 la maison.<\/p>\n","protected":false},"excerpt":{"rendered":"<p>Rentr\u00e9e du 02 Septembre 2021 La rentr\u00e9e se fera pour les \u00e9l\u00e8ves de l\u2019\u00e9l\u00e9mentaire (du CP au CM2)&nbsp; dans la cour, accueil d\u00e8s 08h20, appel des professeurs, nettoyage des mains en entrant dans l\u2019\u00e9cole. La rentr\u00e9e et l\u2019accueil des \u00e9l\u00e8ves &hellip; <a href=\"https:\/\/atelier-bentz.fr\/?p=489\">Continuer la lecture <span class=\"meta-nav\">&rarr;<\/span><\/a><\/p>\n","protected":false},"author":1,"featured_media":0,"comment_status":"closed","ping_status":"closed","sticky":false,"template":"","format":"standard","meta":[],"categories":[1],"tags":[],"_links":{"self":[{"href":"https:\/\/atelier-bentz.fr\/index.php?rest_route=\/wp\/v2\/posts\/489"}],"collection":[{"href":"https:\/\/atelier-bentz.fr\/index.php?rest_route=\/wp\/v2\/posts"}],"about":[{"href":"https:\/\/atelier-bentz.fr\/index.php?rest_route=\/wp\/v2\/types\/post"}],"author":[{"embeddable":true,"href":"https:\/\/atelier-bentz.fr\/index.php?rest_route=\/wp\/v2\/users\/1"}],"replies":[{"embeddable":true,"href":"https:\/\/atelier-bentz.fr\/index.php?rest_route=%2Fwp%2Fv2%2Fcomments&post=489"}],"version-history":[{"count":3,"href":"https:\/\/atelier-bentz.fr\/index.php?rest_route=\/wp\/v2\/posts\/489\/revisions"}],"predecessor-version":[{"id":492,"href":"https:\/\/atelier-bentz.fr\/index.php?rest_route=\/wp\/v2\/posts\/489\/revisions\/492"}],"wp:attachment":[{"href":"https:\/\/atelier-bentz.fr\/index.php?rest_route=%2Fwp%2Fv2%2Fmedia&parent=489"}],"wp:term":[{"taxonomy":"category","embeddable":true,"href":"https:\/\/atelier-bentz.fr\/index.php?rest_route=%2Fwp%2Fv2%2Fcategories&post=489"},{"taxonomy":"post_tag","embeddable":true,"href":"https:\/\/atelier-bentz.fr\/index.php?rest_route=%2Fwp%2Fv2%2Ftags&post=489"}],"curies":[{"name":"wp","href":"https:\/\/api.w.org\/{rel}","templated":true}]}}