{"id":1871,"date":"2026-01-19T14:29:18","date_gmt":"2026-01-19T13:29:18","guid":{"rendered":"http:\/\/atelier-bentz.fr\/?p=1871"},"modified":"2026-01-19T14:36:16","modified_gmt":"2026-01-19T13:36:16","slug":"meilleurs-voeux-2026","status":"publish","type":"post","link":"https:\/\/atelier-bentz.fr\/?p=1871","title":{"rendered":"Meilleurs V\u0153ux 2026"},"content":{"rendered":"\n<p>Le Maire, le Conseil Municipal, le CCAS et le Personnel Communal<br>Vous souhaitent une bonne et heureuse ann\u00e9e 2026<\/p>\n\n\n\n<p>La C\u00e9r\u00e9monie des v\u0153ux aura lieu le mercredi 21 janvier \u00e0 18h30 \u00e0 la salle Vergennes<\/p>\n","protected":false},"excerpt":{"rendered":"<p>Le Maire, le Conseil Municipal, le CCAS et le Personnel CommunalVous souhaitent une bonne et heureuse ann\u00e9e 2026 La C\u00e9r\u00e9monie des v\u0153ux aura lieu le mercredi 21 janvier \u00e0 18h30 \u00e0 la salle Vergennes<\/p>\n","protected":false},"author":1,"featured_media":0,"comment_status":"closed","ping_status":"closed","sticky":false,"template":"","format":"standard","meta":[],"categories":[1],"tags":[],"_links":{"self":[{"href":"https:\/\/atelier-bentz.fr\/index.php?rest_route=\/wp\/v2\/posts\/1871"}],"collection":[{"href":"https:\/\/atelier-bentz.fr\/index.php?rest_route=\/wp\/v2\/posts"}],"about":[{"href":"https:\/\/atelier-bentz.fr\/index.php?rest_route=\/wp\/v2\/types\/post"}],"author":[{"embeddable":true,"href":"https:\/\/atelier-bentz.fr\/index.php?rest_route=\/wp\/v2\/users\/1"}],"replies":[{"embeddable":true,"href":"https:\/\/atelier-bentz.fr\/index.php?rest_route=%2Fwp%2Fv2%2Fcomments&post=1871"}],"version-history":[{"count":2,"href":"https:\/\/atelier-bentz.fr\/index.php?rest_route=\/wp\/v2\/posts\/1871\/revisions"}],"predecessor-version":[{"id":1873,"href":"https:\/\/atelier-bentz.fr\/index.php?rest_route=\/wp\/v2\/posts\/1871\/revisions\/1873"}],"wp:attachment":[{"href":"https:\/\/atelier-bentz.fr\/index.php?rest_route=%2Fwp%2Fv2%2Fmedia&parent=1871"}],"wp:term":[{"taxonomy":"category","embeddable":true,"href":"https:\/\/atelier-bentz.fr\/index.php?rest_route=%2Fwp%2Fv2%2Fcategories&post=1871"},{"taxonomy":"post_tag","embeddable":true,"href":"https:\/\/atelier-bentz.fr\/index.php?rest_route=%2Fwp%2Fv2%2Ftags&post=1871"}],"curies":[{"name":"wp","href":"https:\/\/api.w.org\/{rel}","templated":true}]}}