{"id":1795,"date":"2025-10-16T11:12:25","date_gmt":"2025-10-16T09:12:25","guid":{"rendered":"http:\/\/atelier-bentz.fr\/?p=1795"},"modified":"2025-10-16T11:23:49","modified_gmt":"2025-10-16T09:23:49","slug":"%f0%9f%92%bb-ma-ville-lemploi-et-moi","status":"publish","type":"post","link":"https:\/\/atelier-bentz.fr\/?p=1795","title":{"rendered":"\ud83d\udcbb Ma Ville, L&#8217;emploi et Moi"},"content":{"rendered":"\n<p>Hesdin-l&rsquo;Abb\u00e9 s&rsquo;engage dans l&#8217;emploi, avec l&rsquo;Amie du Boulonnais ! Ensemble, nous agissons pour que chacun puisse trouver sa voie, acc\u00e9der \u00e0 l&#8217;emploi, \u00e0 la formation, ou \u00eatre accompagn\u00e9 dans son projet de vie.<\/p>\n\n\n\n<p>\ud83d\udccdDes permanences AMIE sont propos\u00e9es au plus pr\u00e8s de chez vous :<strong> \u00e0 la mairie, les lundis matins, lors des semaines impaires, de 9h30 \u00e0 11h30.<\/strong><\/p>\n\n\n\n<p>\ud83c\udfaf + de 3700 habitants accompagn\u00e9s chaque ann\u00e9e sur le territoire.<\/p>\n\n\n\n<p>\ud83d\udcac Vous avez entre 16 et 60 ans ? Un projet ? Des doutes ? Prenez contact, on est l\u00e0 pour vous !<\/p>\n\n\n\n<p>\ud83d\udc49 03 21 30 36 22 &#8211; www.amieduboulonnais.fr<\/p>\n\n\n\n<div class=\"wp-block-image\"><figure class=\"aligncenter size-large is-resized\"><img loading=\"lazy\" src=\"https:\/\/atelier-bentz.fr\/wp-content\/uploads\/2025\/10\/Affiche-4-5-Re\u0301seaux-sociaux-Ma-ville-lemploi-et-moi-819x1024.jpg\" alt=\"\" class=\"wp-image-1796\" width=\"473\" height=\"596\"\/><\/figure><\/div>\n","protected":false},"excerpt":{"rendered":"<p>Hesdin-l&rsquo;Abb\u00e9 s&rsquo;engage dans l&#8217;emploi, avec l&rsquo;Amie du Boulonnais ! Ensemble, nous agissons pour que chacun puisse trouver sa voie, acc\u00e9der \u00e0 l&#8217;emploi, \u00e0 la formation, ou \u00eatre accompagn\u00e9 dans son projet de vie. \ud83d\udccdDes permanences AMIE sont propos\u00e9es au plus &hellip; <a href=\"https:\/\/atelier-bentz.fr\/?p=1795\">Continuer la lecture <span class=\"meta-nav\">&rarr;<\/span><\/a><\/p>\n","protected":false},"author":1,"featured_media":0,"comment_status":"closed","ping_status":"closed","sticky":false,"template":"","format":"standard","meta":[],"categories":[1],"tags":[],"_links":{"self":[{"href":"https:\/\/atelier-bentz.fr\/index.php?rest_route=\/wp\/v2\/posts\/1795"}],"collection":[{"href":"https:\/\/atelier-bentz.fr\/index.php?rest_route=\/wp\/v2\/posts"}],"about":[{"href":"https:\/\/atelier-bentz.fr\/index.php?rest_route=\/wp\/v2\/types\/post"}],"author":[{"embeddable":true,"href":"https:\/\/atelier-bentz.fr\/index.php?rest_route=\/wp\/v2\/users\/1"}],"replies":[{"embeddable":true,"href":"https:\/\/atelier-bentz.fr\/index.php?rest_route=%2Fwp%2Fv2%2Fcomments&post=1795"}],"version-history":[{"count":2,"href":"https:\/\/atelier-bentz.fr\/index.php?rest_route=\/wp\/v2\/posts\/1795\/revisions"}],"predecessor-version":[{"id":1802,"href":"https:\/\/atelier-bentz.fr\/index.php?rest_route=\/wp\/v2\/posts\/1795\/revisions\/1802"}],"wp:attachment":[{"href":"https:\/\/atelier-bentz.fr\/index.php?rest_route=%2Fwp%2Fv2%2Fmedia&parent=1795"}],"wp:term":[{"taxonomy":"category","embeddable":true,"href":"https:\/\/atelier-bentz.fr\/index.php?rest_route=%2Fwp%2Fv2%2Fcategories&post=1795"},{"taxonomy":"post_tag","embeddable":true,"href":"https:\/\/atelier-bentz.fr\/index.php?rest_route=%2Fwp%2Fv2%2Ftags&post=1795"}],"curies":[{"name":"wp","href":"https:\/\/api.w.org\/{rel}","templated":true}]}}