{"id":128,"date":"2020-10-31T10:01:00","date_gmt":"2020-10-31T09:01:00","guid":{"rendered":"http:\/\/atelier-bentz.fr\/?p=128"},"modified":"2020-11-01T10:04:32","modified_gmt":"2020-11-01T09:04:32","slug":"message-de-m-dubaele-directeur-des-ecoles","status":"publish","type":"post","link":"https:\/\/atelier-bentz.fr\/?p=128","title":{"rendered":"Message de M. DUBAELE directeur des \u00e9coles."},"content":{"rendered":"\n<p>La rentr\u00e9e se fait comme d\u2019habitude, accueil d\u00e8s 08h20, nettoyage des mains en entrant dans l\u2019\u00e9cole.<br>Le port du masque est obligatoire d\u00e8s 6 ans, l\u2019enfant arrive avec son masque.<br>Tout enfant avec des sympt\u00f4mes ou susceptible d\u2019\u00eatre malade de la covid reste \u00e0 la maison.<br>Les attestations pour d\u00e9placements scolaires seront distribu\u00e9es lundi aux \u00e9l\u00e8ves.<\/p>\n","protected":false},"excerpt":{"rendered":"<p>La rentr\u00e9e se fait comme d\u2019habitude, accueil d\u00e8s 08h20, nettoyage des mains en entrant dans l\u2019\u00e9cole.Le port du masque est obligatoire d\u00e8s 6 ans, l\u2019enfant arrive avec son masque.Tout enfant avec des sympt\u00f4mes ou susceptible d\u2019\u00eatre malade de la covid &hellip; <a href=\"https:\/\/atelier-bentz.fr\/?p=128\">Continuer la lecture <span class=\"meta-nav\">&rarr;<\/span><\/a><\/p>\n","protected":false},"author":1,"featured_media":0,"comment_status":"closed","ping_status":"closed","sticky":false,"template":"","format":"standard","meta":[],"categories":[1],"tags":[],"_links":{"self":[{"href":"https:\/\/atelier-bentz.fr\/index.php?rest_route=\/wp\/v2\/posts\/128"}],"collection":[{"href":"https:\/\/atelier-bentz.fr\/index.php?rest_route=\/wp\/v2\/posts"}],"about":[{"href":"https:\/\/atelier-bentz.fr\/index.php?rest_route=\/wp\/v2\/types\/post"}],"author":[{"embeddable":true,"href":"https:\/\/atelier-bentz.fr\/index.php?rest_route=\/wp\/v2\/users\/1"}],"replies":[{"embeddable":true,"href":"https:\/\/atelier-bentz.fr\/index.php?rest_route=%2Fwp%2Fv2%2Fcomments&post=128"}],"version-history":[{"count":1,"href":"https:\/\/atelier-bentz.fr\/index.php?rest_route=\/wp\/v2\/posts\/128\/revisions"}],"predecessor-version":[{"id":129,"href":"https:\/\/atelier-bentz.fr\/index.php?rest_route=\/wp\/v2\/posts\/128\/revisions\/129"}],"wp:attachment":[{"href":"https:\/\/atelier-bentz.fr\/index.php?rest_route=%2Fwp%2Fv2%2Fmedia&parent=128"}],"wp:term":[{"taxonomy":"category","embeddable":true,"href":"https:\/\/atelier-bentz.fr\/index.php?rest_route=%2Fwp%2Fv2%2Fcategories&post=128"},{"taxonomy":"post_tag","embeddable":true,"href":"https:\/\/atelier-bentz.fr\/index.php?rest_route=%2Fwp%2Fv2%2Ftags&post=128"}],"curies":[{"name":"wp","href":"https:\/\/api.w.org\/{rel}","templated":true}]}}