{"id":1275,"date":"2024-08-29T08:24:29","date_gmt":"2024-08-29T06:24:29","guid":{"rendered":"http:\/\/atelier-bentz.fr\/?p=1275"},"modified":"2024-08-29T08:24:50","modified_gmt":"2024-08-29T06:24:50","slug":"%f0%9f%91%a9%e2%80%8d%f0%9f%8f%abrentree-des-classes","status":"publish","type":"post","link":"https:\/\/atelier-bentz.fr\/?p=1275","title":{"rendered":"\ud83d\udc69\u200d\ud83c\udfebRentr\u00e9e des classes"},"content":{"rendered":"\n<p>La rentr\u00e9e des classes a lieu <strong>lundi 02 septembre 2024 \u00e0 8H30<\/strong> (ouverture des portes \u00e0 8H20) pour tous les \u00e9l\u00e8ves de l\u2019\u00e9cole.<\/p>\n\n\n\n<p>L\u2019accueil se fera dans la cour de l\u2019\u00e9cole maternelle, entr\u00e9e unique par l\u2019all\u00e9e des enfants heureux.<\/p>\n\n\n\n<p>L\u2019\u00e9cole \u00e9l\u00e9mentaire (du bas) sera en travaux durant cette ann\u00e9e scolaire, les classes du CP au CM2 occuperont de nouvelles salles, les explications seront donn\u00e9es lundi matin.<\/p>\n\n\n\n<p>La garderie accueille les enfants de 7H30 \u00e0 8H&nbsp;30 et de 16H30 \u00e0 18H30 dans la salle des associations. L\u2019entr\u00e9e se fait du c\u00f4t\u00e9 du parking.<\/p>\n\n\n\n<p>Dans l\u2019attente et la h\u00e2te de retrouver tous les \u00e9l\u00e8ves,<\/p>\n\n\n\n<p>pour l\u2019\u00e9quipe \u00e9ducative,<\/p>\n\n\n\n<p>Le directeur, Mr Dubaele<\/p>\n","protected":false},"excerpt":{"rendered":"<p>La rentr\u00e9e des classes a lieu lundi 02 septembre 2024 \u00e0 8H30 (ouverture des portes \u00e0 8H20) pour tous les \u00e9l\u00e8ves de l\u2019\u00e9cole. L\u2019accueil se fera dans la cour de l\u2019\u00e9cole maternelle, entr\u00e9e unique par l\u2019all\u00e9e des enfants heureux. L\u2019\u00e9cole &hellip; <a href=\"https:\/\/atelier-bentz.fr\/?p=1275\">Continuer la lecture <span class=\"meta-nav\">&rarr;<\/span><\/a><\/p>\n","protected":false},"author":1,"featured_media":0,"comment_status":"closed","ping_status":"closed","sticky":false,"template":"","format":"standard","meta":[],"categories":[1],"tags":[],"_links":{"self":[{"href":"https:\/\/atelier-bentz.fr\/index.php?rest_route=\/wp\/v2\/posts\/1275"}],"collection":[{"href":"https:\/\/atelier-bentz.fr\/index.php?rest_route=\/wp\/v2\/posts"}],"about":[{"href":"https:\/\/atelier-bentz.fr\/index.php?rest_route=\/wp\/v2\/types\/post"}],"author":[{"embeddable":true,"href":"https:\/\/atelier-bentz.fr\/index.php?rest_route=\/wp\/v2\/users\/1"}],"replies":[{"embeddable":true,"href":"https:\/\/atelier-bentz.fr\/index.php?rest_route=%2Fwp%2Fv2%2Fcomments&post=1275"}],"version-history":[{"count":2,"href":"https:\/\/atelier-bentz.fr\/index.php?rest_route=\/wp\/v2\/posts\/1275\/revisions"}],"predecessor-version":[{"id":1277,"href":"https:\/\/atelier-bentz.fr\/index.php?rest_route=\/wp\/v2\/posts\/1275\/revisions\/1277"}],"wp:attachment":[{"href":"https:\/\/atelier-bentz.fr\/index.php?rest_route=%2Fwp%2Fv2%2Fmedia&parent=1275"}],"wp:term":[{"taxonomy":"category","embeddable":true,"href":"https:\/\/atelier-bentz.fr\/index.php?rest_route=%2Fwp%2Fv2%2Fcategories&post=1275"},{"taxonomy":"post_tag","embeddable":true,"href":"https:\/\/atelier-bentz.fr\/index.php?rest_route=%2Fwp%2Fv2%2Ftags&post=1275"}],"curies":[{"name":"wp","href":"https:\/\/api.w.org\/{rel}","templated":true}]}}