{"id":1252,"date":"2024-07-03T12:05:26","date_gmt":"2024-07-03T10:05:26","guid":{"rendered":"http:\/\/atelier-bentz.fr\/?p=1252"},"modified":"2024-07-03T12:05:26","modified_gmt":"2024-07-03T10:05:26","slug":"appel-a-candidature-service-civique-2","status":"publish","type":"post","link":"https:\/\/atelier-bentz.fr\/?p=1252","title":{"rendered":"Appel \u00e0 candidature Service Civique"},"content":{"rendered":"\n<p><strong>L\u2019\u00e9cole d\u2019Hesdin l\u2019Abb\u00e9<\/strong>\u00a0recrute<strong>\u00a0un emploi civique<\/strong>\u00a0pour la prochaine rentr\u00e9e scolaire.<\/p>\n\n\n\n<p>Si vous souhaitez contribuer aux activit\u00e9s \u00e9ducatives, p\u00e9dagogiques et citoyennes de l\u2019\u00e9cole, que vous aimez travailler aupr\u00e8s d\u2019enfants et que vous avez entre&nbsp;<strong>18 et 25 ans<\/strong>&nbsp;alors venez rejoindre notre \u00e9quipe !<\/p>\n\n\n\n<p>Pour toute candidature merci d\u2019envoyer votre<strong>&nbsp;C.V&nbsp;<\/strong>\u00e0 l\u2019adresse mail suivante :<\/p>\n\n\n\n<p class=\"has-text-align-center\"><strong>ce.0622828m@ac-lille.fr<\/strong><\/p>\n","protected":false},"excerpt":{"rendered":"<p>L\u2019\u00e9cole d\u2019Hesdin l\u2019Abb\u00e9\u00a0recrute\u00a0un emploi civique\u00a0pour la prochaine rentr\u00e9e scolaire. Si vous souhaitez contribuer aux activit\u00e9s \u00e9ducatives, p\u00e9dagogiques et citoyennes de l\u2019\u00e9cole, que vous aimez travailler aupr\u00e8s d\u2019enfants et que vous avez entre&nbsp;18 et 25 ans&nbsp;alors venez rejoindre notre \u00e9quipe ! &hellip; <a href=\"https:\/\/atelier-bentz.fr\/?p=1252\">Continuer la lecture <span class=\"meta-nav\">&rarr;<\/span><\/a><\/p>\n","protected":false},"author":1,"featured_media":0,"comment_status":"closed","ping_status":"closed","sticky":false,"template":"","format":"standard","meta":[],"categories":[1],"tags":[],"_links":{"self":[{"href":"https:\/\/atelier-bentz.fr\/index.php?rest_route=\/wp\/v2\/posts\/1252"}],"collection":[{"href":"https:\/\/atelier-bentz.fr\/index.php?rest_route=\/wp\/v2\/posts"}],"about":[{"href":"https:\/\/atelier-bentz.fr\/index.php?rest_route=\/wp\/v2\/types\/post"}],"author":[{"embeddable":true,"href":"https:\/\/atelier-bentz.fr\/index.php?rest_route=\/wp\/v2\/users\/1"}],"replies":[{"embeddable":true,"href":"https:\/\/atelier-bentz.fr\/index.php?rest_route=%2Fwp%2Fv2%2Fcomments&post=1252"}],"version-history":[{"count":1,"href":"https:\/\/atelier-bentz.fr\/index.php?rest_route=\/wp\/v2\/posts\/1252\/revisions"}],"predecessor-version":[{"id":1253,"href":"https:\/\/atelier-bentz.fr\/index.php?rest_route=\/wp\/v2\/posts\/1252\/revisions\/1253"}],"wp:attachment":[{"href":"https:\/\/atelier-bentz.fr\/index.php?rest_route=%2Fwp%2Fv2%2Fmedia&parent=1252"}],"wp:term":[{"taxonomy":"category","embeddable":true,"href":"https:\/\/atelier-bentz.fr\/index.php?rest_route=%2Fwp%2Fv2%2Fcategories&post=1252"},{"taxonomy":"post_tag","embeddable":true,"href":"https:\/\/atelier-bentz.fr\/index.php?rest_route=%2Fwp%2Fv2%2Ftags&post=1252"}],"curies":[{"name":"wp","href":"https:\/\/api.w.org\/{rel}","templated":true}]}}