{"id":1206,"date":"2024-05-17T10:50:52","date_gmt":"2024-05-17T08:50:52","guid":{"rendered":"http:\/\/atelier-bentz.fr\/?p=1206"},"modified":"2024-05-24T11:49:06","modified_gmt":"2024-05-24T09:49:06","slug":"%f0%9f%8e%b6jazz-meeting-5-renaud-garcia-fons-solea-garcia-fons-duo","status":"publish","type":"post","link":"https:\/\/atelier-bentz.fr\/?p=1206","title":{"rendered":"\ud83c\udfb6JAZZ MEETING 5 : Renaud Garcia-Fons &#038; Sol\u00e9a Garcia-Fons duo"},"content":{"rendered":"\n<p>Dans le cadre du Jazz Metting 5, Renaud Garcia-Fons, contrebassiste et compositeur, qui joue sur les plus grandes sc\u00e8nes du monde, parcoure all\u00e8grement tous les genres musicaux issus du jazz. On le retrouve ici avec la chanteuse et com\u00e9dienne \u00e0 la tr\u00e8s belle voix Sol\u00e9a Garcia-Fons pour un duo p\u00e8re-fille aux accents de jazz, de m\u00e9diterran\u00e9e et de bonheur.<\/p>\n\n\n\n<p><em>Date &amp; lieu :<\/em> <strong>Dimanche 2 Juin 2024 &#8211; 16h30 &#8211; l&rsquo;\u00c9glise d&rsquo;Hesdin l&rsquo;Abb\u00e9.<\/strong><\/p>\n\n\n\n<p><em>Places :<\/em> <strong>10\u20ac<\/strong>, billetterie en Mairie ou directement \u00e0 l&rsquo;\u00c9glise le jour du concert.<\/p>\n\n\n\n<div class=\"wp-block-image\"><figure class=\"aligncenter size-large is-resized\"><img loading=\"lazy\" src=\"https:\/\/atelier-bentz.fr\/wp-content\/uploads\/2024\/05\/concert.jpg\" alt=\"\" class=\"wp-image-1207\" width=\"487\" height=\"325\" srcset=\"https:\/\/atelier-bentz.fr\/wp-content\/uploads\/2024\/05\/concert.jpg 640w, https:\/\/atelier-bentz.fr\/wp-content\/uploads\/2024\/05\/concert-300x200.jpg 300w, https:\/\/atelier-bentz.fr\/wp-content\/uploads\/2024\/05\/concert-450x300.jpg 450w\" sizes=\"(max-width: 487px) 100vw, 487px\" \/><\/figure><\/div>\n\n\n\n<div class=\"wp-block-file\"><a href=\"http:\/\/atelier-bentz.fr\/wp-content\/uploads\/2024\/05\/Jazz-Meeting-5-Festival-des-Villages-Planning.png\">Jazz Meeting 5 &#8211; Festival des Villages &#8211; Planning<\/a><a href=\"http:\/\/atelier-bentz.fr\/wp-content\/uploads\/2024\/05\/Jazz-Meeting-5-Festival-des-Villages-Planning.png\" class=\"wp-block-file__button\" download>T\u00e9l\u00e9charger<\/a><\/div>\n\n\n\n<p><\/p>\n","protected":false},"excerpt":{"rendered":"<p>Dans le cadre du Jazz Metting 5, Renaud Garcia-Fons, contrebassiste et compositeur, qui joue sur les plus grandes sc\u00e8nes du monde, parcoure all\u00e8grement tous les genres musicaux issus du jazz. On le retrouve ici avec la chanteuse et com\u00e9dienne \u00e0 &hellip; <a href=\"https:\/\/atelier-bentz.fr\/?p=1206\">Continuer la lecture <span class=\"meta-nav\">&rarr;<\/span><\/a><\/p>\n","protected":false},"author":1,"featured_media":0,"comment_status":"closed","ping_status":"closed","sticky":false,"template":"","format":"standard","meta":[],"categories":[1],"tags":[],"_links":{"self":[{"href":"https:\/\/atelier-bentz.fr\/index.php?rest_route=\/wp\/v2\/posts\/1206"}],"collection":[{"href":"https:\/\/atelier-bentz.fr\/index.php?rest_route=\/wp\/v2\/posts"}],"about":[{"href":"https:\/\/atelier-bentz.fr\/index.php?rest_route=\/wp\/v2\/types\/post"}],"author":[{"embeddable":true,"href":"https:\/\/atelier-bentz.fr\/index.php?rest_route=\/wp\/v2\/users\/1"}],"replies":[{"embeddable":true,"href":"https:\/\/atelier-bentz.fr\/index.php?rest_route=%2Fwp%2Fv2%2Fcomments&post=1206"}],"version-history":[{"count":10,"href":"https:\/\/atelier-bentz.fr\/index.php?rest_route=\/wp\/v2\/posts\/1206\/revisions"}],"predecessor-version":[{"id":1224,"href":"https:\/\/atelier-bentz.fr\/index.php?rest_route=\/wp\/v2\/posts\/1206\/revisions\/1224"}],"wp:attachment":[{"href":"https:\/\/atelier-bentz.fr\/index.php?rest_route=%2Fwp%2Fv2%2Fmedia&parent=1206"}],"wp:term":[{"taxonomy":"category","embeddable":true,"href":"https:\/\/atelier-bentz.fr\/index.php?rest_route=%2Fwp%2Fv2%2Fcategories&post=1206"},{"taxonomy":"post_tag","embeddable":true,"href":"https:\/\/atelier-bentz.fr\/index.php?rest_route=%2Fwp%2Fv2%2Ftags&post=1206"}],"curies":[{"name":"wp","href":"https:\/\/api.w.org\/{rel}","templated":true}]}}