{"id":1199,"date":"2024-05-03T11:53:20","date_gmt":"2024-05-03T09:53:20","guid":{"rendered":"http:\/\/atelier-bentz.fr\/?p=1199"},"modified":"2024-05-03T11:54:20","modified_gmt":"2024-05-03T09:54:20","slug":"%f0%9f%93%8cun-meilleur-ouvrier-de-france-a-hesdin-labbe","status":"publish","type":"post","link":"https:\/\/atelier-bentz.fr\/?p=1199","title":{"rendered":"\ud83d\udcccUn Meilleur Ouvrier de France \u00e0 Hesdin l&rsquo;Abb\u00e9 !"},"content":{"rendered":"\n<p>Reportage de M. Jean-Fran\u00e7ois DENIS, Mar\u00e9chal Ferrant, Meilleur ouvrier de France.<\/p>\n\n\n\n<p>Il a \u00e9t\u00e9 suivi durant 48h dans sa forge et sur le terrain par la chaine youtube PIWHY TV.<\/p>\n\n\n\n<p>Il nous explique son travail, son parcours, ses pr\u00e9parations aux comp\u00e9titions. <\/p>\n\n\n\n<figure class=\"wp-block-embed is-type-video is-provider-youtube wp-block-embed-youtube wp-embed-aspect-16-9 wp-has-aspect-ratio\"><div class=\"wp-block-embed__wrapper\">\n<iframe title=\"MARECHAL FERRANT MEILLEUR OUVRIER DE FRANCE - Jean-Fran\u00e7ois DENIS - BLACKSMITH - PiWHY TV reportage\" width=\"584\" height=\"329\" src=\"https:\/\/www.youtube.com\/embed\/PGWf5CgxefQ?feature=oembed\" frameborder=\"0\" allow=\"accelerometer; autoplay; clipboard-write; encrypted-media; gyroscope; picture-in-picture; web-share\" referrerpolicy=\"strict-origin-when-cross-origin\" allowfullscreen><\/iframe>\n<\/div><\/figure>\n","protected":false},"excerpt":{"rendered":"<p>Reportage de M. Jean-Fran\u00e7ois DENIS, Mar\u00e9chal Ferrant, Meilleur ouvrier de France. Il a \u00e9t\u00e9 suivi durant 48h dans sa forge et sur le terrain par la chaine youtube PIWHY TV. Il nous explique son travail, son parcours, ses pr\u00e9parations aux &hellip; <a href=\"https:\/\/atelier-bentz.fr\/?p=1199\">Continuer la lecture <span class=\"meta-nav\">&rarr;<\/span><\/a><\/p>\n","protected":false},"author":1,"featured_media":0,"comment_status":"closed","ping_status":"closed","sticky":false,"template":"","format":"standard","meta":[],"categories":[1],"tags":[],"_links":{"self":[{"href":"https:\/\/atelier-bentz.fr\/index.php?rest_route=\/wp\/v2\/posts\/1199"}],"collection":[{"href":"https:\/\/atelier-bentz.fr\/index.php?rest_route=\/wp\/v2\/posts"}],"about":[{"href":"https:\/\/atelier-bentz.fr\/index.php?rest_route=\/wp\/v2\/types\/post"}],"author":[{"embeddable":true,"href":"https:\/\/atelier-bentz.fr\/index.php?rest_route=\/wp\/v2\/users\/1"}],"replies":[{"embeddable":true,"href":"https:\/\/atelier-bentz.fr\/index.php?rest_route=%2Fwp%2Fv2%2Fcomments&post=1199"}],"version-history":[{"count":3,"href":"https:\/\/atelier-bentz.fr\/index.php?rest_route=\/wp\/v2\/posts\/1199\/revisions"}],"predecessor-version":[{"id":1202,"href":"https:\/\/atelier-bentz.fr\/index.php?rest_route=\/wp\/v2\/posts\/1199\/revisions\/1202"}],"wp:attachment":[{"href":"https:\/\/atelier-bentz.fr\/index.php?rest_route=%2Fwp%2Fv2%2Fmedia&parent=1199"}],"wp:term":[{"taxonomy":"category","embeddable":true,"href":"https:\/\/atelier-bentz.fr\/index.php?rest_route=%2Fwp%2Fv2%2Fcategories&post=1199"},{"taxonomy":"post_tag","embeddable":true,"href":"https:\/\/atelier-bentz.fr\/index.php?rest_route=%2Fwp%2Fv2%2Ftags&post=1199"}],"curies":[{"name":"wp","href":"https:\/\/api.w.org\/{rel}","templated":true}]}}